{"id":9744,"date":"2024-11-23T16:05:12","date_gmt":"2024-11-23T14:05:12","guid":{"rendered":"https:\/\/ateny.jezuici.pl\/?p=9744"},"modified":"2024-11-28T14:44:02","modified_gmt":"2024-11-28T12:44:02","slug":"ogloszenia-duszpasterskie-niedziela-24-11-2024-roku","status":"publish","type":"post","link":"https:\/\/ateny.jezuici.pl\/?p=9744","title":{"rendered":"Og\u0142oszenia duszpasterskie: Niedziela 24.11.2024 roku"},"content":{"rendered":"<p><span style=\"font-size: medium\">1. Dzisiaj Uroczysto\u015b\u0107 Jezusa Chrystusa, Kr\u00f3la Wszech\u015bwiata. Jest to \u015bwi\u0119to patronalne pracuj\u0105cych w naszej parafii Si\u00f3str Misjonarek Chrystusa Kr\u00f3la dla Polonii Zagranicznej: Anny B\u0142aszak MChR i Adriany Kosior MChR. Pomodlimy si\u0119 szczeg\u00f3lnie za nie podczas Mszy \u015bw. o g. 12:30.<\/span><\/p>\n<p><span style=\"font-size: medium\">2. W najbli\u017cszym tygodniu wspominamy:<\/span><\/p>\n<p><span style=\"font-size: medium\">&#8211; w poniedzia\u0142ek 25.11 \u015bw. Katarzyny Aleksandryjskiej, dziewicy i m\u0119czennicy,<\/span><\/p>\n<p><span style=\"font-size: medium\">&#8211; we wtorek 26.11 \u015bw. Jana Berchmansa, zakonnika,<\/span><\/p>\n<p><span style=\"font-size: medium\">&#8211; w sobot\u0119 30.11 \u015bwi\u0119to Andrzeja Aposto\u0142a,<\/span><\/p>\n<p><span style=\"font-size: medium\">&#8211; w najbli\u017csz\u0105 niedziel\u0119 1.12 zaczynamy okresem Adwentu nowy rok liturgiczny. Czytania w niedziele i uroczysto\u015bci z roku C, w tygodniu 1 czytanie z roku I.<\/span><\/p>\n<p><span style=\"font-size: medium\">3. R\u00f3\u017caniec za Zmar\u0142ych polecanych w wypominkach w niedziel\u0119, poniedzia\u0142ek, wtorek i czwartek o g. 18:30. We wtorek 26.11 Msza \u015bw. w ich intencji.<\/span><\/p>\n<p><span style=\"font-size: medium\">4. W sobot\u0119 30.11 po Mszy wieczornej (oko\u0142o g. 20:00) w ko\u015bciele b\u0119dzie wyg\u0142oszona kolejna konferencja dla uczestnik\u00f3w Seminarium Odnowy Wiary.<\/span><\/p>\n<p><span style=\"font-size: medium\">5. W niedziel\u0119 01.12 o g. 18:00 w sali pod ko\u015bcio\u0142em b\u0119dzie mia\u0142o miejsce spotkanie z rodzicami m\u0142odzie\u017cy przygotowuj\u0105cej si\u0119 do bierzmowania. W miar\u0119 mo\u017cliwo\u015bci prosimy o przybycie obojga rodzic\u00f3w b\u0105d\u017a opiekun\u00f3w. W tym samym czasie, w sali obok, swoje spotkanie b\u0119dzie mia\u0142a m\u0142odzie\u017c.<\/span><\/p>\n<p>&nbsp;<\/p>\n<p><span style=\"font-size: medium\"><b>Msze \u015bw. niedzielne w j\u0119zyku polskim<\/b><\/span><span style=\"font-size: medium\"> odprawiamy w soboty o g. 19:00 <\/span><span style=\"font-size: medium\">(polsko-grecka lub grecko-polska)<\/span><span style=\"font-size: medium\">, a <\/span><span style=\"font-size: medium\">w<\/span><span style=\"font-size: medium\"> niedziele o 9:30, <\/span><span style=\"font-size: medium\">12:30<\/span><span style=\"font-size: medium\"> oraz 19:00.<\/span><\/p>\n<p><span style=\"font-size: medium\"><b>Msze \u015bw. po polsku w tygodniu<\/b> w poniedzia\u0142ki, wtorki i czwartki o g. 19:00. Msza \u015bw. po grecku w pi\u0105tki.<\/span><\/p>\n<p><span style=\"font-size: medium\"><b>Adoracja Naj\u015bwi\u0119tszego Sakramentu<\/b> w niedziele i poniedzia\u0142ki od g. 18:00.<\/span><\/p>\n<p><span style=\"font-size: medium\"><b>Spowied\u017a \u015bw.<\/b> zwykle p\u00f3\u0142 godziny przed Mszami \u015bw. po polsku. Inny termin mo\u017cliwy do uzgodnienia. <b>Telefon kontaktowy:<\/b> +30 697.828.6094.<\/span><\/p>\n<p>&nbsp;<\/p>\n<p><span style=\"font-size: medium\">W imieniu organizator\u00f3w zapraszamy na kilka wydarze\u0144 w najbli\u017cszym czasie:<\/span><\/p>\n<p><span style=\"font-size: medium\">&#8211; Zarz\u0105d O\u015brodka Inicjatyw Polskich w Grecji i portal Polonorama serdecznie zapraszaj\u0105 na projekcj\u0119 filmu pt. \u201eCh\u0142opi\u201d na podstawie powie\u015bci W\u0142adys\u0142awa Reymonta, w re\u017cyserii D.K. i Hugh Welchman\u00f3w. Odb\u0119dzie si\u0119 ona 28.11 br. o g. 18:45 w sali Giannis Marinos w Filharmonii Ate\u0144skiej (Megaro Mousikis) w ramach projektu \u201eBy\u0107 kobiet\u0105\u201d. Film zostanie wy\u015bwietlony w polskiej wersji j\u0119zykowej z greckimi napisami. <b>Wst\u0119p dozwolony jest od 12 lat.<\/b> <span lang=\"pl-PL\">Wymogiem uczestnictwa w wydarzeniu jest wcze\u015bniejsze zg\u0142oszenie udzia\u0142u.<\/span><\/span><\/p>\n<p><span style=\"font-size: medium\"><span lang=\"pl-PL\">Wi\u0119cej szczeg\u00f3\u0142<\/span><span lang=\"pl-PL\">\u00f3w<\/span> <span lang=\"pl-PL\">tutaj: <\/span><a href=\"https:\/\/centrum-inicjatyw.org\/wydarzenie-polonijne-pt-byc-kobieta-w-megaro-mousikis\/\" target=\"_blank\" rel=\"noopener\"><span lang=\"pl-PL\">https:\/\/centrum-inicjatyw.org\/wydarzenie-polonijne-pt-byc-kobieta-w-megaro-mousikis\/<\/span><\/a><\/span><\/p>\n<p><span style=\"font-size: medium\">&#8211; Stowarzyszenie Przyjaci\u00f3\u0142 Szko\u0142y Polskiej oraz Rada Rodzic\u00f3w zapraszaj\u0105 na tradycyjne Andrzejki, kt\u00f3re odb\u0119d\u0105 si\u0119 w sobot\u0119 30.11.24 w Hotelu Novotel. Pocz\u0105tek o g. 21. 00.<\/span><\/p>\n<p><span style=\"font-size: medium\">B\u0142ogos\u0142awionej niedzieli oraz nowego tygodnia!<\/span><\/p>\n<p align=\"center\">&nbsp;<\/p>\n<p class=\"western\" align=\"center\"><b><span style=\"font-size: large\">INTENCJE MSZALNE NA NAJBLI\u017bSZE TYGODNIE<\/span><\/b><\/p>\n<h2 class=\"western\">Czwartek 28.11.2024<\/h2>\n<p class=\"western\"><b>19:00 \u2013<\/b> Za + Stanis\u0142awa Dybowskiego w 18 rocznic\u0119 \u015bmierci<\/p>\n<h2 class=\"western\">Sobota 30.11.2024<\/h2>\n<p class=\"western\"><b>19:00 \u2013<\/b> Za + Mariusza Markiewicza i ++ z rodziny<\/p>\n<h2 class=\"western\">Niedziela 1.12.2024<\/h2>\n<p class=\"western\"><b>9:30 <\/b>\u2013 Za + Grzegorza Rzeszowskiego (od mamy Heleny i siostry Karoliny)<\/p>\n<p class=\"western\"><b>12:30 <\/b>\u2013 Za ++ Mariana i Mariann\u0119, ++ z rodziny Adamczyk\u00f3w, + Jadwig\u0119 Zatorsk\u0105 oraz ++ z rodziny Lasot\u00f3w, Hajdackich i Demopul\u00f3w<\/p>\n<p class=\"western\"><b>19:00<\/b> \u2013 Za + W\u0142adys\u0142awa Kowalika w 7 rocznic\u0119 \u015bmierci<\/p>\n<h2 class=\"western\">Poniedzia\u0142ek 2.12.2024<\/h2>\n<p class=\"western\"><b>19:00<\/b> \u2013 W intencji ch\u00f3ru<\/p>\n<p class=\"western\"><b>19:00 \u2013<\/b> Za ++ Juliana, Wand\u0119, Mari\u0119 i Czes\u0142awa<\/p>\n<h2 class=\"western\">Wtorek 3.12.2024<\/h2>\n<p class=\"western\"><b>19:00 \u2013<\/b> Za ++ Barbar\u0119 i Rajmunda Ga\u0142kiewicz\u00f3w<\/p>\n<p class=\"western\"><b>19:00 \u2013<\/b> Za Sebastiana z okazji urodzin<\/p>\n<h2 class=\"western\">Czwartek 4.12.2024<\/h2>\n<p class=\"western\"><b>19:00 \u2013<\/b> Za Dusze w czy\u015b\u0107cu cierpi\u0105ce<\/p>\n<h2 class=\"western\">Pi\u0105tek 5.12.2024<\/h2>\n<p class=\"western\"><b>19:00 \u2013<\/b> Za Tadeusza w 2 rocznic\u0119 \u015bmierci<\/p>\n<h2 class=\"western\">Sobota 7.12.2024<\/h2>\n<p class=\"western\"><b>19:00 \u2013<\/b> W intencji rodziny Kibitlewskich<\/p>\n<p class=\"western\"><b>19:00 \u2013<\/b> Za Mariann\u0119 w wigili\u0119 urodzin<\/p>\n<h2 class=\"western\">Niedziela 8.12.2024<\/h2>\n<p class=\"western\"><b>9:30 <\/b>\u2013 Za ++ Adama, Mariann\u0119 i Konstantego<\/p>\n<p class=\"western\"><b>12:30 <\/b>\u2013 Za ++ Mari\u0119 Maciejczyk w 4 rocznic\u0119 \u015bmierci oraz Iren\u0119 Maciejczyk w 6 rocznic\u0119 \u015bmierci (od Magdy i Judyty Maciejczyk)<\/p>\n<p class=\"western\"><b>19:00<\/b> \u2013 Za + J\u00f3zefa<\/p>\n<h2 class=\"western\">Poniedzia\u0142ek 9.12.2024<\/h2>\n<p class=\"western\"><b>19:00<\/b> \u2013 Za Dusze w czy\u015b\u0107cu cierpi\u0105ce<\/p>\n<h2 class=\"western\">Wtorek 10.12.2024<\/h2>\n<p class=\"western\"><b>19:00 \u2013<\/b> Za Mari\u0119 z okazji imienin<\/p>\n<p class=\"western\"><b>19:00 \u2013<\/b> Za ++ Leokadi\u0119 i Stanis\u0142awa Semczuk\u00f3w<\/p>\n<h2 class=\"western\">Czwartek 12.12.2024<\/h2>\n<p class=\"western\">19:00 \u2013 Za Dymitriosa o \u017cyw\u0105 wiar\u0119<\/p>\n","protected":false},"excerpt":{"rendered":"<p>1. Dzisiaj Uroczysto\u015b\u0107 Jezusa Chrystusa, Kr\u00f3la Wszech\u015bwiata. Jest to \u015bwi\u0119to patronalne pracuj\u0105cych w naszej parafii Si\u00f3str Misjonarek Chrystusa Kr\u00f3la dla Polonii Zagranicznej: Anny B\u0142aszak MChR i Adriany Kosior MChR. Pomodlimy si\u0119 szczeg\u00f3lnie za nie podczas Mszy \u015bw. o g. 12:30. 2. W najbli\u017cszym tygodniu wspominamy: &#8211; w poniedzia\u0142ek 25.11 \u015bw. Katarzyny Aleksandryjskiej, dziewicy i m\u0119czennicy, [&hellip;]<\/p>\n","protected":false},"author":123,"featured_media":0,"comment_status":"closed","ping_status":"open","sticky":false,"template":"","format":"standard","meta":{"ngg_post_thumbnail":0,"footnotes":""},"categories":[35],"tags":[],"class_list":["post-9744","post","type-post","status-publish","format-standard","hentry","category-bez-kategorii-pl"],"aioseo_notices":[],"_links":{"self":[{"href":"https:\/\/ateny.jezuici.pl\/index.php?rest_route=\/wp\/v2\/posts\/9744","targetHints":{"allow":["GET"]}}],"collection":[{"href":"https:\/\/ateny.jezuici.pl\/index.php?rest_route=\/wp\/v2\/posts"}],"about":[{"href":"https:\/\/ateny.jezuici.pl\/index.php?rest_route=\/wp\/v2\/types\/post"}],"author":[{"embeddable":true,"href":"https:\/\/ateny.jezuici.pl\/index.php?rest_route=\/wp\/v2\/users\/123"}],"replies":[{"embeddable":true,"href":"https:\/\/ateny.jezuici.pl\/index.php?rest_route=%2Fwp%2Fv2%2Fcomments&post=9744"}],"version-history":[{"count":6,"href":"https:\/\/ateny.jezuici.pl\/index.php?rest_route=\/wp\/v2\/posts\/9744\/revisions"}],"predecessor-version":[{"id":9753,"href":"https:\/\/ateny.jezuici.pl\/index.php?rest_route=\/wp\/v2\/posts\/9744\/revisions\/9753"}],"wp:attachment":[{"href":"https:\/\/ateny.jezuici.pl\/index.php?rest_route=%2Fwp%2Fv2%2Fmedia&parent=9744"}],"wp:term":[{"taxonomy":"category","embeddable":true,"href":"https:\/\/ateny.jezuici.pl\/index.php?rest_route=%2Fwp%2Fv2%2Fcategories&post=9744"},{"taxonomy":"post_tag","embeddable":true,"href":"https:\/\/ateny.jezuici.pl\/index.php?rest_route=%2Fwp%2Fv2%2Ftags&post=9744"}],"curies":[{"name":"wp","href":"https:\/\/api.w.org\/{rel}","templated":true}]}}