{"id":9083,"date":"2022-08-19T20:01:06","date_gmt":"2022-08-19T17:01:06","guid":{"rendered":"https:\/\/ateny1.jezuici.pl\/?p=9083"},"modified":"2022-08-19T20:01:06","modified_gmt":"2022-08-19T17:01:06","slug":"ogloszenia-duszpasterskie-niedziela-21-08-2022-roku","status":"publish","type":"post","link":"https:\/\/ateny.jezuici.pl\/?p=9083","title":{"rendered":"Og\u0142oszenia duszpasterskie: Niedziela 21.08.2022 roku"},"content":{"rendered":"\n<p align=\"left\"><span style=\"font-size: medium;\">1. Dzisiaj 21 Niedziela Zwyk\u0142a.<\/span><\/p>\n<p align=\"left\"><span style=\"font-size: medium;\">2. Wspomnienia liturgiczne:<\/span><\/p>\n<p align=\"left\"><span style=\"font-size: medium;\">&#8211; w poniedzia\u0142ek 22.08 NMP Kr\u00f3lowej,<\/span><\/p>\n<p align=\"left\"><span style=\"font-size: medium;\">&#8211; w \u015brod\u0119 24.08 \u015bw. Bart\u0142omieja Aposto\u0142a,<\/span><\/p>\n<p align=\"left\"><span style=\"font-size: medium;\">&#8211; w pi\u0105tek 26.08 uroczysto\u015b\u0107 NMP Cz\u0119stochowskiej (Msza \u015bw. z wigilii uroczysto\u015bci zostanie odprawiona w czwartek 25.08) \u2013 w ten pi\u0105tek nie ma obowi\u0105zku zachowania wstrzemi\u0119\u017aliwo\u015bci od pokarm\u00f3w mi\u0119snych,<\/span><\/p>\n<p align=\"left\"><span style=\"font-size: medium;\">&#8211; w sobot\u0119 27.08 wspomnienie \u015bw. Moniki.<\/span><\/p>\n<p align=\"left\"><span style=\"font-size: medium;\">3. Zapraszamy do udzia\u0142u w Kongresie Rodzin Polonijnych pod has\u0142em: Wychowanie Dzieci i M\u0142odzie\u017cy w rodzinie polonijnej, Carlsberg 10-11 wrzesie\u0144 2022. Szczeg\u00f3\u0142y na plakacie i na stronie internetowej: https:\/\/opoka.news\/kongres-rodzin-polonijnych-10-11-wrzesnia-2022.<\/span><\/p>\n<p align=\"left\"><span style=\"font-size: medium;\">4. <b>Msze \u015bw. niedzielne w j\u0119zyku polskim <\/b><b>w lipcu i sierpniu <\/b>odprawiamy w soboty o godz. 20.00, a w niedziele o 9.30 oraz 19.00. <b>Nie ma <\/b><b>Msz<\/b><b>y<\/b><b> \u015bw. o 12.30.<\/b><\/span><\/p>\n<p align=\"left\"><span style=\"font-size: medium;\"><b>Msze \u015bw. po polsku<\/b> <b>w tygodniu<\/b> w poniedzia\u0142ki, wtorki i czwartki o g. 19:00. W niedziele i poniedzia\u0142ki <b>adoracja Naj\u015bwi\u0119tszego Sakramentu<\/b> od g. 18:00.<\/span><\/p>\n<p align=\"left\"><span style=\"font-size: medium;\"><b>Spowied\u017a \u015bw.<\/b> zwykle p\u00f3\u0142 godziny przed Mszami \u015bw. po polsku. Inny termin mo\u017cliwy do uzgodnienia. <b>Telefon kontaktowy: +30 697.8286.094.<\/b><\/span><\/p>\n<p align=\"left\"><span style=\"font-size: medium;\">5. Ojcu Stanis\u0142awowi \u0141ucarzowi SJ dzi\u0119kujemy za wakacyjn\u0105 pos\u0142ug\u0119 w naszej parafii i polecamy go Dobrego Bogu prosz\u0105c dla niego o dobry powr\u00f3t do zwyczajnych obowi\u0105zk\u00f3w w Krakowie!<\/span><\/p>\n<p align=\"left\"><span style=\"font-size: medium;\">6. B\u0142ogos\u0142awionego tygodnia dla wypoczywaj\u0105cych i pracuj\u0105cych!<\/span><\/p>\n","protected":false},"excerpt":{"rendered":"","protected":false},"author":228,"featured_media":0,"comment_status":"closed","ping_status":"open","sticky":false,"template":"","format":"standard","meta":{"ngg_post_thumbnail":0,"footnotes":""},"categories":[35],"tags":[],"class_list":["post-9083","post","type-post","status-publish","format-standard","hentry","category-bez-kategorii-pl"],"aioseo_notices":[],"_links":{"self":[{"href":"https:\/\/ateny.jezuici.pl\/index.php?rest_route=\/wp\/v2\/posts\/9083","targetHints":{"allow":["GET"]}}],"collection":[{"href":"https:\/\/ateny.jezuici.pl\/index.php?rest_route=\/wp\/v2\/posts"}],"about":[{"href":"https:\/\/ateny.jezuici.pl\/index.php?rest_route=\/wp\/v2\/types\/post"}],"author":[{"embeddable":true,"href":"https:\/\/ateny.jezuici.pl\/index.php?rest_route=\/wp\/v2\/users\/228"}],"replies":[{"embeddable":true,"href":"https:\/\/ateny.jezuici.pl\/index.php?rest_route=%2Fwp%2Fv2%2Fcomments&post=9083"}],"version-history":[{"count":2,"href":"https:\/\/ateny.jezuici.pl\/index.php?rest_route=\/wp\/v2\/posts\/9083\/revisions"}],"predecessor-version":[{"id":9085,"href":"https:\/\/ateny.jezuici.pl\/index.php?rest_route=\/wp\/v2\/posts\/9083\/revisions\/9085"}],"wp:attachment":[{"href":"https:\/\/ateny.jezuici.pl\/index.php?rest_route=%2Fwp%2Fv2%2Fmedia&parent=9083"}],"wp:term":[{"taxonomy":"category","embeddable":true,"href":"https:\/\/ateny.jezuici.pl\/index.php?rest_route=%2Fwp%2Fv2%2Fcategories&post=9083"},{"taxonomy":"post_tag","embeddable":true,"href":"https:\/\/ateny.jezuici.pl\/index.php?rest_route=%2Fwp%2Fv2%2Ftags&post=9083"}],"curies":[{"name":"wp","href":"https:\/\/api.w.org\/{rel}","templated":true}]}}