{"id":8488,"date":"2022-05-14T16:43:07","date_gmt":"2022-05-14T13:43:07","guid":{"rendered":"https:\/\/ateny1.jezuici.pl\/?p=8488"},"modified":"2022-05-14T16:44:28","modified_gmt":"2022-05-14T13:44:28","slug":"ogloszenia-duszpasterskie-niedziela-15-maja-2022-roku","status":"publish","type":"post","link":"https:\/\/ateny.jezuici.pl\/?p=8488","title":{"rendered":"Og\u0142oszenia duszpasterskie: Niedziela 15 maja 2022 roku"},"content":{"rendered":"\n<p align=\"left\"><span style=\"font-size: medium;\">1. Dzisiaj IV Niedziela Wielkanocna, niedziela Dobrego Pasterza.<\/span><\/p>\n<p align=\"left\"><span style=\"font-size: medium;\">2. Nabo\u017ce\u0144stwa majowe w poniedzia\u0142ki, wtorki, czwartki i niedziele o g. 18.30.<\/span><\/p>\n<p align=\"left\"><span style=\"font-size: medium;\">3. W najbli\u017cszym tygodniu wspominamy: w poniedzia\u0142ek 16.05 \u015bw. Andrzeja Bobol\u0119, jezuit\u0119 i m\u0119czennika, Patrona Polski, w sobot\u0119 21.05 \u015bw. Jana Nepomucena, prezbitera i m\u0119czennika.<\/span><\/p>\n<p align=\"left\"><span style=\"font-size: medium;\">4. W nast\u0119pn\u0105 niedziel\u0119 22.05 podczas Mszy \u015bw. o 12.30 odb\u0119dzie si\u0119 I komunia \u015bw. dla drugiej z 3 grup dzieci komunijnych. Pierwsza spowied\u017a \u015bw. dla dzieci z tej grupy w sobot\u0119 o g. 15.00.<\/span><\/p>\n<p align=\"left\"><span style=\"font-size: medium;\">5.<\/span> Tak\u017ce w niedziel\u0119 22.05, po Mszy \u015bw. o g. 19.00 odb\u0119dzie si\u0119 spotkanie dla rodzic\u00f3w kandydat\u00f3w do bierzmowania.<\/p>\n<p align=\"left\">6. W dniach 2-8.09 odb\u0119dzie si\u0119 pielgrzymka do Med\u017cugorja. Wi\u0119cej informacji w gablocie przed ko\u015bcio\u0142em. Zapisy u s. Katarzyny do 28.06.<\/p>\n<p align=\"left\"><span style=\"font-size: medium;\">7. W czwartki od g. 18.00 adoracja N. Sakramentu w intencji pokoju na Ukrainie.<\/span><\/p>\n<p align=\"left\"><span style=\"font-size: medium;\">8. <b>Msze \u015bw. <\/b><b>niedzielne <\/b><b>w j\u0119zyku po<\/b><b>lskim <\/b>odprawiamy w soboty o godz. 20.00, a w niedziele o 9.30, 12.30 oraz 19.00. <b>Msza \u015bw. o 12.30 jest <\/b><b>przeznaczona szczeg\u00f3lnie <\/b><b>dla dzieci <\/b><b>wraz z rodzinami.<\/b><\/span><\/p>\n<p align=\"left\"><span style=\"font-size: medium;\"><b>Msze \u015bw. <\/b><b>po polsk<\/b><b>u<\/b><b> w tygodniu<\/b> w poniedzia\u0142ki, wtorki i czwartki o g. 19:00. W niedziele i poniedzia\u0142ki <b>adoracja Naj\u015bwi\u0119tszego Sakramentu<\/b> od g. 18:00.<\/span><\/p>\n<p align=\"left\"><span style=\"font-size: medium;\"><b>Spowied\u017a \u015bw.<\/b> zwykle p\u00f3\u0142 godziny przed Mszami \u015bw. po polsku. Inny termin mo\u017cliwy do uzgodnienia. <b>Telefon kontaktowy: <\/b><b>+30 697.8286.094.<\/b><\/span><\/p>\n<p align=\"left\"><span style=\"font-size: medium;\">9. B\u0142ogos\u0142awionego tygodnia pod patronatem Dobrego Pasterza, pami\u0119tajmy w tym tygodniu o modlitwie za i o powo\u0142ania kap\u0142a\u0144skie i zakonne!<\/span><\/p>\n<p align=\"center\"><strong><span style=\"font-size: large;\">INTENCJE MSZALNE NA NAJBLI\u017bSZE TYGODNIE<\/span><\/strong><\/p>\n<h2>Sobota 14.05.2022<\/h2>\n<p>20:00 \u2013 Za + Jerzego Gizi\u0144skiego w 10 rocznic\u0119 \u015bmierci i ++ z rodziny<\/p>\n<h2>Niedziela 15.05.2022<\/h2>\n<p>9:30 \u2013 Za + Edwarda w 2 rocznic\u0119 \u015bmierci<\/p>\n<p>12:30 \u2013 Komunijna<\/p>\n<p>19:00 \u2013 Za + Wand\u0119 M\u0142y\u0144sk\u0105 w 4 rocznic\u0119 \u015bmierci<\/p>\n<h2>Poniedzia\u0142ek 16.05.2022<\/h2>\n<p>19:00 \u2013 Dzi\u0119kczynna za otrzymane \u0142aski z pro\u015bb\u0105 o dalsze b\u0142ogos\u0142awie\u0144stwo Bo\u017ce dla Elwiry<\/p>\n<h2>Wtorek 17.05.2022<\/h2>\n<p>19:00 \u2013 Za + Leonard\u0119 G\u0142owaty<\/p>\n<h2>Czwartek 19.05.2022<\/h2>\n<p>19:00 \u2013 Za + Tomasza Straszewskiego<\/p>\n<h2>Sobota 21.05.2022<\/h2>\n<p>20:00 \u2013 W intencji Bogu wiadomej<\/p>\n<h2>Niedziela 22.05.2022<\/h2>\n<p>9:30 \u2013 Za ++ Katarzyn\u0119, Stanis\u0142awa, Leokadi\u0119 i Ryszarda<\/p>\n<p>12:30 \u2013 Komunijna<\/p>\n<p>19:00 \u2013 W intencji ma\u0142\u017ce\u0144stw i rodzin parafii<\/p>\n<h2>Poniedzia\u0142ek 23.05.2022<\/h2>\n<p>19:00 \u2013 Za + Wiktora w 4 rocznic\u0119 \u015bmierci<\/p>\n<h2>Wtorek 24.05.2022<\/h2>\n<p>19:00 \u2013 Za ++ Adama, Mariann\u0119 i Konstantego<\/p>\n<h2>Czwartek 26.05.2022<\/h2>\n<p>19:00 \u2013 Za Mari\u0119 i Ann\u0119 z okazji Dnia Matki, sk\u0142adaj\u0105c dzi\u0119kczynienie za ich \u017cycie i trosk\u0119, dzi\u0119kuj\u0105c Panu Bogu za opiek\u0119 MB nad nimi.<\/p>\n<h2>Sobota 28.05.2022<\/h2>\n<p>20:00 \u2013 Za Fotisa z okazji urodzin o Bo\u017ce mi\u0142osierdzie dla niego<\/p>\n<h2>Niedziela 29.05.2022<\/h2>\n<p>9:30 \u2013 W intencji ma\u0142\u017ce\u0144stw i rodzin parafii<\/p>\n<p>12:30 \u2013 Komunijna<\/p>\n<p>19:00 \u2013 Za Gra\u017cyn\u0119 i Justyna w 20 rocznic\u0119 \u015blubu<\/p>\n<h2>Poniedzia\u0142ek 30.05.2022<\/h2>\n<p>19:00 \u2013 Za Dawida z okazji urodzin<\/p>\n","protected":false},"excerpt":{"rendered":"","protected":false},"author":228,"featured_media":0,"comment_status":"closed","ping_status":"open","sticky":false,"template":"","format":"standard","meta":{"ngg_post_thumbnail":0,"footnotes":""},"categories":[35],"tags":[],"class_list":["post-8488","post","type-post","status-publish","format-standard","hentry","category-bez-kategorii-pl"],"aioseo_notices":[],"_links":{"self":[{"href":"https:\/\/ateny.jezuici.pl\/index.php?rest_route=\/wp\/v2\/posts\/8488","targetHints":{"allow":["GET"]}}],"collection":[{"href":"https:\/\/ateny.jezuici.pl\/index.php?rest_route=\/wp\/v2\/posts"}],"about":[{"href":"https:\/\/ateny.jezuici.pl\/index.php?rest_route=\/wp\/v2\/types\/post"}],"author":[{"embeddable":true,"href":"https:\/\/ateny.jezuici.pl\/index.php?rest_route=\/wp\/v2\/users\/228"}],"replies":[{"embeddable":true,"href":"https:\/\/ateny.jezuici.pl\/index.php?rest_route=%2Fwp%2Fv2%2Fcomments&post=8488"}],"version-history":[{"count":2,"href":"https:\/\/ateny.jezuici.pl\/index.php?rest_route=\/wp\/v2\/posts\/8488\/revisions"}],"predecessor-version":[{"id":8490,"href":"https:\/\/ateny.jezuici.pl\/index.php?rest_route=\/wp\/v2\/posts\/8488\/revisions\/8490"}],"wp:attachment":[{"href":"https:\/\/ateny.jezuici.pl\/index.php?rest_route=%2Fwp%2Fv2%2Fmedia&parent=8488"}],"wp:term":[{"taxonomy":"category","embeddable":true,"href":"https:\/\/ateny.jezuici.pl\/index.php?rest_route=%2Fwp%2Fv2%2Fcategories&post=8488"},{"taxonomy":"post_tag","embeddable":true,"href":"https:\/\/ateny.jezuici.pl\/index.php?rest_route=%2Fwp%2Fv2%2Ftags&post=8488"}],"curies":[{"name":"wp","href":"https:\/\/api.w.org\/{rel}","templated":true}]}}