{"id":8370,"date":"2021-10-16T17:16:51","date_gmt":"2021-10-16T14:16:51","guid":{"rendered":"https:\/\/ateny1.jezuici.pl\/?p=8370"},"modified":"2021-10-23T16:59:35","modified_gmt":"2021-10-23T13:59:35","slug":"ogloszenia-duszpasterskie-niedziela-17-pazdziernika-2021-roku","status":"publish","type":"post","link":"https:\/\/ateny.jezuici.pl\/?p=8370","title":{"rendered":"Og\u0142oszenia duszpasterskie: Niedziela 17 pa\u017adziernika 2021 roku"},"content":{"rendered":"\n<p align=\"left\"><span style=\"font-size: medium;\">1. Dzisiaj jest XXIX Niedziela Zwyk\u0142a.<\/span><\/p>\n<p align=\"left\"><span style=\"font-size: medium;\">2. Wspomnienia liturgicznie. W poniedzia\u0142ek 18.10 \u015bw. \u0141ukasza, Ewangelisty. W \u015brod\u0119 20.10 wspomnienie \u015bw. Jana Kantego. W pi\u0105tek 22.10 wspomnienie \u015bw. Jana Paw\u0142a II, papie\u017ca.<br \/><\/span><\/p>\n<p align=\"left\"><span style=\"font-size: medium;\">3. Nabo\u017ce\u0144stwa r\u00f3\u017ca\u0144cowe w pa\u017adzierniku przed Mszami \u015bw. po polsku w poniedzia\u0142ki, wtorki, czwartki i niedziele o g. 18.30.<\/span><\/p>\n<p align=\"left\"><span style=\"font-size: medium;\">4. W miesi\u0105cu listopadzie b\u0119dziemy odmawia\u0107 r\u00f3\u017caniec w intencji zmar\u0142ych. Kartki wypominkowe mo\u017cna znale\u017a\u0107 przy wej\u015bciu do ko\u015bcio\u0142a. Za zmar\u0142ych polecanych w wypominkach b\u0119dzie odprawiana jedna z Mszy \u015bw. niedzielnych przez ca\u0142y listopad.<\/span><\/p>\n<p align=\"left\"><span style=\"font-size: medium;\">5. Uwaga. Od najbli\u017cszej niedzieli <b>Msza \u015bw. <\/b><b>niedzielna<\/b><b> o 12.30 jest zarezerwowana dla dzieci przygotowuj\u0105cych si\u0119 do przyj\u0119cia 1 komunii \u015bwi\u0119tej i ich rodzin<\/b>. Ewentualnie dla os\u00f3b, kt\u00f3re zam\u00f3wi\u0142y intencj\u0119 na t\u0119 Msz\u0119 \u015bw. Te osoby nie musz\u0105 si\u0119 zapisywa\u0107. Pozostali b\u0119d\u0105 mogli wzi\u0105\u0107 udzia\u0142 we Mszy \u015bw. w j\u0119zyku greckim w sali pod ko\u015bcio\u0142em. Przepraszamy za niedogodno\u015bci z tym zwi\u0105zane!<\/span><\/p>\n<p align=\"left\"><span style=\"font-size: medium;\">6. <b>Msze \u015bw. <\/b><b>niedzielne <\/b><b>w j\u0119zyku po<\/b><b>lskim <\/b>odprawiamy w soboty o godz. 20.00, a w niedziele o 9.30 i 19.00.<\/span><\/p>\n<p align=\"left\"><span style=\"font-size: medium;\"><b>Msze \u015bw. <\/b><b>po polsku w tygodniu<\/b> w poniedzia\u0142ki, wtorki i czwartki o g. 19:00.<\/span><\/p>\n<p align=\"left\"><span style=\"font-size: medium;\">W niedziele i poniedzia\u0142ki adoracja Naj\u015bwi\u0119tszego Sakramentu od g. 18:00.<\/span><\/p>\n<p align=\"left\"><span style=\"font-size: medium;\">Spowied\u017a \u015bw. przed Mszami w tygodniu od g. 18:30. Mo\u017cna si\u0119 tak\u017ce um\u00f3wi\u0107 osobi\u015bcie na jaki\u015b inny dogodny termin.<\/span><\/p>\n<p align=\"left\"><span style=\"font-size: medium;\">W<b> <\/b>ko\u015bciele mo\u017ce przebywa\u0107 <b>30 os\u00f3b. Na Msze \u015bw. w dni powszednie nie <\/b><b>ma<\/b><b> zapis\u00f3w. Natomiast na Msze \u015bw<\/b><b>.<\/b><b> w j\u0119zyku polskim w sobot\u0119 wieczorem i w niedziel\u0119 trzeba si\u0119 zapisywa\u0107 <\/b><b>wysy\u0142aj\u0105c SMS do o. Marcina <\/b><b>na numer: +30 697.8286.094<\/b>.<\/span><\/p>\n<p align=\"left\"><span style=\"font-size: medium;\">6. B\u0142ogos\u0142awionej niedzieli i nowego tygodnia dla wszystkich Parafian i Go\u015bci!<\/span><\/p>\n<p align=\"center\"><strong><span style=\"font-size: large;\">INTENCJE MSZALNE NA NAJBLI\u017bSZE TYGODNIE<\/span><\/strong><\/p>\n<h2>Sobota 16.10.2021<\/h2>\n<p>20:00 \u2013 Za ++ z Rodziny Mas\u0142owskich<\/p>\n<h2>Niedziela 17.10.2021<\/h2>\n<p>9:30 \u2013 Za ++ Stanis\u0142awa, Katarzyn\u0119, Leokadi\u0119 i Ryszarda<\/p>\n<p>12:30 \u2013 Za ++ Mariann\u0119, Konrada, Edwarda, Emanuela oraz zmar\u0142ych z rodziny<\/p>\n<p align=\"justify\">19:00 \u2013 Za + Krystyn\u0119 Hyziak<\/p>\n<h2>Poniedzia\u0142ek 18.10.2021<\/h2>\n<p>19:00 \u2013 Za Agat\u0119 z okazji urodzin<\/p>\n<h2>Wtorek 19.10.2021<\/h2>\n<p>19:00 \u2013 Za + El\u017cbi\u0119t\u0119 \u017bak<\/p>\n<h2>Czwartek 21.10.2021<\/h2>\n<p>19:00 \u2013 Za + Zygmunta w 3 rocznic\u0119 \u015bmierci<\/p>\n<h2>Sobota 23.10.2021<\/h2>\n<p>20:00 \u2013 Za Teres\u0119 i Krzysztofa w 30 rocznic\u0119 \u015blubu<\/p>\n<h2>Niedziela 24.10.2021<\/h2>\n<p>9:30 \u2013 Za + Bronis\u0142aw\u0119, Mieczys\u0142awa i Andrzeja<\/p>\n<p>12:30 \u2013 Za Ew\u0119 i Mateusza z okazji urodzin<\/p>\n<p>19:00 \u2013 Za + Zofi\u0119 Wojtysiak<\/p>\n<h2>Poniedzia\u0142ek 25.10.2021<\/h2>\n<p>19:00 \u2013 Za + J\u00f3zef\u0119 i Kazimierza Kandel\u00f3w<\/p>\n<h2>Wtorek 26.10.2021<\/h2>\n<p>19:00 \u2013<\/p>\n<h2>Czwartek 28.10.2021<\/h2>\n<p>19:00 \u2013 Za El\u017cbiet\u0119 i Krzysztofa wraz z rodzin\u0105 z okazji 25 lat ma\u0142\u017ce\u0144stwa<\/p>\n<h2>Sobota 30.10.2021<\/h2>\n<p>20:00 \u2013 Za ++ Helen\u0119 i Tadeusza<\/p>\n<h2>Niedziela 31.10.2021<\/h2>\n<p>9:30 \u2013 W intencji ma\u0142\u017ce\u0144stw i rodzin naszej parafii<\/p>\n<p>12:30 \u2013<\/p>\n<p>19:00 \u2013<\/p>\n","protected":false},"excerpt":{"rendered":"","protected":false},"author":228,"featured_media":0,"comment_status":"closed","ping_status":"open","sticky":false,"template":"","format":"standard","meta":{"ngg_post_thumbnail":0,"footnotes":""},"categories":[35],"tags":[],"class_list":["post-8370","post","type-post","status-publish","format-standard","hentry","category-bez-kategorii-pl"],"aioseo_notices":[],"_links":{"self":[{"href":"https:\/\/ateny.jezuici.pl\/index.php?rest_route=\/wp\/v2\/posts\/8370","targetHints":{"allow":["GET"]}}],"collection":[{"href":"https:\/\/ateny.jezuici.pl\/index.php?rest_route=\/wp\/v2\/posts"}],"about":[{"href":"https:\/\/ateny.jezuici.pl\/index.php?rest_route=\/wp\/v2\/types\/post"}],"author":[{"embeddable":true,"href":"https:\/\/ateny.jezuici.pl\/index.php?rest_route=\/wp\/v2\/users\/228"}],"replies":[{"embeddable":true,"href":"https:\/\/ateny.jezuici.pl\/index.php?rest_route=%2Fwp%2Fv2%2Fcomments&post=8370"}],"version-history":[{"count":4,"href":"https:\/\/ateny.jezuici.pl\/index.php?rest_route=\/wp\/v2\/posts\/8370\/revisions"}],"predecessor-version":[{"id":8376,"href":"https:\/\/ateny.jezuici.pl\/index.php?rest_route=\/wp\/v2\/posts\/8370\/revisions\/8376"}],"wp:attachment":[{"href":"https:\/\/ateny.jezuici.pl\/index.php?rest_route=%2Fwp%2Fv2%2Fmedia&parent=8370"}],"wp:term":[{"taxonomy":"category","embeddable":true,"href":"https:\/\/ateny.jezuici.pl\/index.php?rest_route=%2Fwp%2Fv2%2Fcategories&post=8370"},{"taxonomy":"post_tag","embeddable":true,"href":"https:\/\/ateny.jezuici.pl\/index.php?rest_route=%2Fwp%2Fv2%2Ftags&post=8370"}],"curies":[{"name":"wp","href":"https:\/\/api.w.org\/{rel}","templated":true}]}}